{"id":2614,"date":"2018-11-21T17:21:49","date_gmt":"2018-11-21T16:21:49","guid":{"rendered":"https:\/\/bdvlegal.com\/?p=2614"},"modified":"2025-10-29T03:35:07","modified_gmt":"2025-10-29T02:35:07","slug":"amcham-talents","status":"publish","type":"post","link":"https:\/\/www.bdvlegal.com\/hr\/amcham-talents\/","title":{"rendered":"AmCham Talents"},"content":{"rendered":"\n<p>U nastojanjima da pru\u017eimo na\u0161im klijentima uslugu najvi\u0161e kvalitete BDV redovito ula\u017ee u razvoj i edukaciju \u010dlanova na\u0161eg tima.<\/p>\n\n\n\n<p>Jedan od programa u kojem su ove godine sudjelovala dva mlada \u010dlana BDV tima je <a href=\"https:\/\/www.amcham.hr\/amcham-talents-a289\" target=\"_blank\" rel=\"noopener nofollow\">AmCham Talents<\/a> program u organizaciji Ameri\u010dke gospodarske komore u Hrvatskoj.<\/p>\n\n\n\n<p>Vrlo smo ponosni na rezultat kojeg su ostvarili Marko Karlo Boha\u010dek i Ana Lah kao predstavnici na\u0161eg odvjetni\u010dkog dru\u0161tva, pri \u010demu se Marko kvalificirao me\u0111u tri finalista natjecanja, dok je Ana ostvarila \u010detvrto mjesto u poretku natjecatelja ovogodi\u0161njeg AmCham Talents programa, u konkurenciji od ukupno 80-ak sudionika.<\/p>\n\n\n\n<p>Program je pokrenut 2013. godine s ciljem poticanja mladih stru\u010dnjaka u razvijanju njihovih vje\u0161tina vo\u0111enja, a sastoji se od niza interaktivnih doga\u0111anja pod vodstvom istaknutih predava\u010da, kao i natjecanja za Talenta godine. Izvrstan program u organizaciji Ameri\u010dke gospodarske komore u Hrvatskoj predstavljao je idealno okru\u017eenje u kojem su na\u0161i mladi stru\u010dnjaci mogli od predava\u010da i kolega ste\u0107i nova znanja i vje\u0161tine te pokazati svoje sposobnosti u pozitivnom okru\u017eenju istovremene suradnje i kompetitivnosti.<\/p>\n\n\n\n<p>Ovogodi\u0161nji program trajao je od o\u017eujka do studenog te je obuhva\u0107ao sudionike u dobi od 25 do 35 godina koji su, izme\u0111u ostalog, zaposleni u istaknutim konzultantskim ku\u0107ama, odvjetni\u010dkim dru\u0161tvima, bankama, farmaceutskim dru\u0161tvima i tehnolo\u0161kim kompanijama.<\/p>\n\n\n\n<p>\u010cestitamo Ameri\u010dkoj gospodarskoj komori u Hrvatskoj na odli\u010dnoj organizaciji ovog programa koji na najbolji mogu\u0107i na\u010din doprinosi razvoju profesionalne izvrsnosti mladih u Hrvatskoj, \u0161to je jedna od misija koju i na\u0161e odvjetni\u010dko dru\u0161tvo svakodnevno poku\u0161ava ostvariti, a Marku \u017eelimo puno sre\u0107e u finalu natjecanja!<\/p>\n\n\n\n<p>&nbsp;<\/p>\n\n\n\n<figure class=\"wp-block-image\"><img loading=\"lazy\" decoding=\"async\" width=\"400\" height=\"124\" src=\"https:\/\/bdvlegal.com\/wp-content\/uploads\/2018\/11\/amchamtalents2.jpg\" alt=\"\" class=\"wp-image-2620\" srcset=\"https:\/\/www.bdvlegal.com\/wp-content\/uploads\/2018\/11\/amchamtalents2.jpg 400w, https:\/\/www.bdvlegal.com\/wp-content\/uploads\/2018\/11\/amchamtalents2-300x93.jpg 300w, https:\/\/www.bdvlegal.com\/wp-content\/uploads\/2018\/11\/amchamtalents2-330x102.jpg 330w\" sizes=\"(max-width: 400px) 100vw, 400px\" \/><\/figure>\n\n\n\n<p><\/p>\n","protected":false},"excerpt":{"rendered":"<p>U nastojanjima da pru\u017eimo na\u0161im klijentima uslugu najvi\u0161e kvalitete BDV redovito ula\u017ee u razvoj i edukaciju \u010dlanova na\u0161eg tima. Jedan od programa u kojem su ove godine sudjelovala dva mlada \u010dlana BDV tima je AmCham Talents program u organizaciji Ameri\u010dke gospodarske komore u Hrvatskoj. Vrlo smo ponosni na rezultat kojeg su ostvarili Marko Karlo Boha\u010dek i Ana Lah kao predstavnici na\u0161eg odvjetni\u010dkog dru\u0161tva, pri \u010demu se Marko kvalificirao me\u0111u tri finalista natjecanja, dok je Ana ostvarila \u010detvrto mjesto u poretku natjecatelja ovogodi\u0161njeg AmCham Talents programa, u konkurenciji od ukupno 80-ak sudionika. Program je pokrenut 2013. godine s ciljem poticanja mladih [&hellip;]<\/p>\n","protected":false},"author":6,"featured_media":2616,"comment_status":"closed","ping_status":"closed","sticky":false,"template":"","format":"standard","meta":{"_acf_changed":false,"footnotes":""},"categories":[267],"tags":[274],"admin_cats":[],"class_list":["post-2614","post","type-post","status-publish","format-standard","has-post-thumbnail","hentry","category-vijesti","tag-marko-k-bohacek"],"acf":[],"_links":{"self":[{"href":"https:\/\/www.bdvlegal.com\/hr\/wp-json\/wp\/v2\/posts\/2614","targetHints":{"allow":["GET"]}}],"collection":[{"href":"https:\/\/www.bdvlegal.com\/hr\/wp-json\/wp\/v2\/posts"}],"about":[{"href":"https:\/\/www.bdvlegal.com\/hr\/wp-json\/wp\/v2\/types\/post"}],"author":[{"embeddable":true,"href":"https:\/\/www.bdvlegal.com\/hr\/wp-json\/wp\/v2\/users\/6"}],"replies":[{"embeddable":true,"href":"https:\/\/www.bdvlegal.com\/hr\/wp-json\/wp\/v2\/comments?post=2614"}],"version-history":[{"count":0,"href":"https:\/\/www.bdvlegal.com\/hr\/wp-json\/wp\/v2\/posts\/2614\/revisions"}],"wp:featuredmedia":[{"embeddable":true,"href":"https:\/\/www.bdvlegal.com\/hr\/wp-json\/wp\/v2\/media\/2616"}],"wp:attachment":[{"href":"https:\/\/www.bdvlegal.com\/hr\/wp-json\/wp\/v2\/media?parent=2614"}],"wp:term":[{"taxonomy":"category","embeddable":true,"href":"https:\/\/www.bdvlegal.com\/hr\/wp-json\/wp\/v2\/categories?post=2614"},{"taxonomy":"post_tag","embeddable":true,"href":"https:\/\/www.bdvlegal.com\/hr\/wp-json\/wp\/v2\/tags?post=2614"},{"taxonomy":"admin_cat","embeddable":true,"href":"https:\/\/www.bdvlegal.com\/hr\/wp-json\/wp\/v2\/admin_cats?post=2614"}],"curies":[{"name":"wp","href":"https:\/\/api.w.org\/{rel}","templated":true}]}}