{"id":4225,"date":"2022-05-20T08:04:10","date_gmt":"2022-05-20T06:04:10","guid":{"rendered":"https:\/\/bdvlegal.com\/6th-iba-global-entrepreneurship-conference\/"},"modified":"2025-06-28T16:07:28","modified_gmt":"2025-06-28T14:07:28","slug":"6-iba-global-entrepreneurship-konferencija","status":"publish","type":"post","link":"https:\/\/www.bdvlegal.com\/hr\/6-iba-global-entrepreneurship-konferencija\/","title":{"rendered":"6. IBA Global Entrepreneurship konferencija"},"content":{"rendered":"\n<p>SELA \u010dlanovi, Bojovi\u0107 Dra\u0161kovi\u0107 Popovi\u0107 &amp; Partners (Vuk Dra\u0161kovi\u0107, Uro\u0161 Popovi\u0107) i BDV (Ivan Dvojkovi\u0107, Laurenz W. Vuchetich) sudjelovali su na 6. IBA Global Entrepreneurship konferenciji odr\u017eanoj u Amsterdamu, Nizozemska.<\/p>\n\n\n\n<p>Interaktivan i dinami\u010dan program konferencije obuhvatio je teme o globalnom poduzetni\u0161tvu s govornicima, stru\u010dnim panelistima i sudionicima konferencije iz cijeloga svijeta.<\/p>\n\n\n\n<p>\u010cestitamo organizatoru te svim govornicima na izvanrednoj konferenciji.<\/p>\n","protected":false},"excerpt":{"rendered":"<p>SELA \u010dlanovi, Bojovi\u0107 Dra\u0161kovi\u0107 Popovi\u0107 &amp; Partners (Vuk Dra\u0161kovi\u0107, Uro\u0161 Popovi\u0107) i BDV (Ivan Dvojkovi\u0107, Laurenz W. Vuchetich) sudjelovali su na 6. IBA Global Entrepreneurship konferenciji odr\u017eanoj u Amsterdamu, Nizozemska. Interaktivan i dinami\u010dan program konferencije obuhvatio je teme o globalnom poduzetni\u0161tvu s govornicima, stru\u010dnim panelistima i sudionicima konferencije iz cijeloga svijeta. \u010cestitamo organizatoru te svim govornicima na izvanrednoj konferenciji.<\/p>\n","protected":false},"author":6,"featured_media":4223,"comment_status":"closed","ping_status":"closed","sticky":false,"template":"","format":"standard","meta":{"_acf_changed":false,"footnotes":""},"categories":[267],"tags":[273,271],"admin_cats":[],"class_list":["post-4225","post","type-post","status-publish","format-standard","has-post-thumbnail","hentry","category-vijesti","tag-ivan-dvojkovic","tag-laurenz-w-vuchetich"],"acf":[],"_links":{"self":[{"href":"https:\/\/www.bdvlegal.com\/hr\/wp-json\/wp\/v2\/posts\/4225","targetHints":{"allow":["GET"]}}],"collection":[{"href":"https:\/\/www.bdvlegal.com\/hr\/wp-json\/wp\/v2\/posts"}],"about":[{"href":"https:\/\/www.bdvlegal.com\/hr\/wp-json\/wp\/v2\/types\/post"}],"author":[{"embeddable":true,"href":"https:\/\/www.bdvlegal.com\/hr\/wp-json\/wp\/v2\/users\/6"}],"replies":[{"embeddable":true,"href":"https:\/\/www.bdvlegal.com\/hr\/wp-json\/wp\/v2\/comments?post=4225"}],"version-history":[{"count":0,"href":"https:\/\/www.bdvlegal.com\/hr\/wp-json\/wp\/v2\/posts\/4225\/revisions"}],"wp:featuredmedia":[{"embeddable":true,"href":"https:\/\/www.bdvlegal.com\/hr\/wp-json\/wp\/v2\/media\/4223"}],"wp:attachment":[{"href":"https:\/\/www.bdvlegal.com\/hr\/wp-json\/wp\/v2\/media?parent=4225"}],"wp:term":[{"taxonomy":"category","embeddable":true,"href":"https:\/\/www.bdvlegal.com\/hr\/wp-json\/wp\/v2\/categories?post=4225"},{"taxonomy":"post_tag","embeddable":true,"href":"https:\/\/www.bdvlegal.com\/hr\/wp-json\/wp\/v2\/tags?post=4225"},{"taxonomy":"admin_cat","embeddable":true,"href":"https:\/\/www.bdvlegal.com\/hr\/wp-json\/wp\/v2\/admin_cats?post=4225"}],"curies":[{"name":"wp","href":"https:\/\/api.w.org\/{rel}","templated":true}]}}