{"id":4405,"date":"2022-10-24T09:34:41","date_gmt":"2022-10-24T07:34:41","guid":{"rendered":"https:\/\/bdvlegal.com\/?p=4405"},"modified":"2025-07-23T19:35:01","modified_gmt":"2025-07-23T17:35:01","slug":"adria-dental-group-ulaganje-2","status":"publish","type":"post","link":"https:\/\/www.bdvlegal.com\/hr\/adria-dental-group-ulaganje-2\/","title":{"rendered":"Adria Dental Group ulaganje"},"content":{"rendered":"\n<p>BDV je savjetovao Provectus Capital Partners (PCP), vode\u0107i regionalni investicijski fond te ve\u0107inskog dioni\u010dara Adria Dental Grupe, u ulaganjima u dentalnu industriju.<\/p>\n\n\n\n<p>Adria Dental Grupa nastavila je svoj rast kao najve\u0107a dentalna grupacija u Hrvatskoj i \u0161iroj regiji ulaganjem u stomatolo\u0161ku polikliniku Dentum \u2013 jednu od vode\u0107ih poliklinika u Zagrebu. Grupacija sada posjeduje pet klinika i pet laboratorija te ima planove za \u0161irenje na doma\u0107e i regionalno tr\u017ei\u0161te.<\/p>\n\n\n\n<p>Bilo nam je zadovoljstvo pru\u017eati pravnu podr\u0161ku te zahvaljujemo na\u0161em klijentu na kontinuiranom povjerenju.<\/p>\n","protected":false},"excerpt":{"rendered":"<p>BDV je savjetovao Provectus Capital Partners (PCP), vode\u0107i regionalni investicijski fond te ve\u0107inskog dioni\u010dara Adria Dental Grupe, u ulaganjima u dentalnu industriju. Adria Dental Grupa nastavila je svoj rast kao najve\u0107a dentalna grupacija u Hrvatskoj i \u0161iroj regiji ulaganjem u stomatolo\u0161ku polikliniku Dentum \u2013 jednu od vode\u0107ih poliklinika u Zagrebu. Grupacija sada posjeduje pet klinika i pet laboratorija te ima planove za \u0161irenje na doma\u0107e i regionalno tr\u017ei\u0161te. Bilo nam je zadovoljstvo pru\u017eati pravnu podr\u0161ku te zahvaljujemo na\u0161em klijentu na kontinuiranom povjerenju.<\/p>\n","protected":false},"author":6,"featured_media":4407,"comment_status":"closed","ping_status":"closed","sticky":false,"template":"","format":"standard","meta":{"_acf_changed":false,"footnotes":""},"categories":[267],"tags":[273,274,276,278],"admin_cats":[],"class_list":["post-4405","post","type-post","status-publish","format-standard","has-post-thumbnail","hentry","category-vijesti","tag-ivan-dvojkovic","tag-marko-k-bohacek","tag-pravo-drustava","tag-spajanja-i-akvizicije"],"acf":[],"_links":{"self":[{"href":"https:\/\/www.bdvlegal.com\/hr\/wp-json\/wp\/v2\/posts\/4405","targetHints":{"allow":["GET"]}}],"collection":[{"href":"https:\/\/www.bdvlegal.com\/hr\/wp-json\/wp\/v2\/posts"}],"about":[{"href":"https:\/\/www.bdvlegal.com\/hr\/wp-json\/wp\/v2\/types\/post"}],"author":[{"embeddable":true,"href":"https:\/\/www.bdvlegal.com\/hr\/wp-json\/wp\/v2\/users\/6"}],"replies":[{"embeddable":true,"href":"https:\/\/www.bdvlegal.com\/hr\/wp-json\/wp\/v2\/comments?post=4405"}],"version-history":[{"count":0,"href":"https:\/\/www.bdvlegal.com\/hr\/wp-json\/wp\/v2\/posts\/4405\/revisions"}],"wp:featuredmedia":[{"embeddable":true,"href":"https:\/\/www.bdvlegal.com\/hr\/wp-json\/wp\/v2\/media\/4407"}],"wp:attachment":[{"href":"https:\/\/www.bdvlegal.com\/hr\/wp-json\/wp\/v2\/media?parent=4405"}],"wp:term":[{"taxonomy":"category","embeddable":true,"href":"https:\/\/www.bdvlegal.com\/hr\/wp-json\/wp\/v2\/categories?post=4405"},{"taxonomy":"post_tag","embeddable":true,"href":"https:\/\/www.bdvlegal.com\/hr\/wp-json\/wp\/v2\/tags?post=4405"},{"taxonomy":"admin_cat","embeddable":true,"href":"https:\/\/www.bdvlegal.com\/hr\/wp-json\/wp\/v2\/admin_cats?post=4405"}],"curies":[{"name":"wp","href":"https:\/\/api.w.org\/{rel}","templated":true}]}}