{"id":4585,"date":"2023-03-20T10:49:28","date_gmt":"2023-03-20T09:49:28","guid":{"rendered":"https:\/\/bdvlegal.com\/?p=4585"},"modified":"2025-06-28T15:28:49","modified_gmt":"2025-06-28T13:28:49","slug":"re-source-croatia-konferencija","status":"publish","type":"post","link":"https:\/\/www.bdvlegal.com\/hr\/re-source-croatia-konferencija\/","title":{"rendered":"RE-Source Croatia konferencija"},"content":{"rendered":"\n<p>OIEH udru\u017eenje (<a href=\"https:\/\/www.linkedin.com\/company\/obnovljivi-izvori-energije-hrvatske\/\" target=\"_blank\" rel=\"noopener nofollow\">Renewable Energy Sources of Croatia<\/a>) organiziralo je RE-Source Croatia \u2013 prvu konferenciju u regiji s temom implementacije PPA ugovora, kao klju\u010dnog alata energetske tranzicije koji \u0107e omogu\u0107iti kupnju zelene energije izravno od proizvo\u0111a\u010da. Konferencija je, u zagreba\u010dkom hotelu Sheraton, okupila 350 sudionika iz Hrvatske, regije i zemalja EU.<\/p>\n\n\n\n<p>BDV&nbsp;partner&nbsp;Laurenz Vuchetich, sudjelovao je kao panelist, osvrnuv\u0161i se na izazovnost PPA ugovora. PPA ugovori, naglasio je, nose vi\u0161e rizika te \u0107e pravna za\u0161tita kupaca i prodavatelja biti ne\u0161to na \u010demu \u0107e Europska komisija raditi u narednom razdoblju kako bi i ovi ugovori pru\u017eili pravnu i financijsku sigurnost svima.<\/p>\n\n\n\n<p>Na konferenciji su tako\u0111er sudjelovali na\u0161i partneri&nbsp;Ivan Dvojkovic&nbsp;i&nbsp;Tomislav Sadric, te odvjetnica&nbsp;Monika Rakitni\u010dan.<\/p>\n\n\n\n<p>Iznimno nam je zadovoljstvo \u0161to smo imali priliku biti dionik ovako zna\u010dajnog doga\u0111aja, kojim se dodatno afirmirao PPA i njegova uloga u energetskoj tranziciji. \u010cestitamo organizatorima na izuzetnoj konferenciji te svim panelistima na izvrsnim izlaganjima.<\/p>\n","protected":false},"excerpt":{"rendered":"<p>OIEH udru\u017eenje (Renewable Energy Sources of Croatia) organiziralo je RE-Source Croatia \u2013 prvu konferenciju u regiji s temom implementacije PPA ugovora, kao klju\u010dnog alata energetske tranzicije koji \u0107e omogu\u0107iti kupnju zelene energije izravno od proizvo\u0111a\u010da. Konferencija je, u zagreba\u010dkom hotelu Sheraton, okupila 350 sudionika iz Hrvatske, regije i zemalja EU. BDV&nbsp;partner&nbsp;Laurenz Vuchetich, sudjelovao je kao panelist, osvrnuv\u0161i se na izazovnost PPA ugovora. PPA ugovori, naglasio je, nose vi\u0161e rizika te \u0107e pravna za\u0161tita kupaca i prodavatelja biti ne\u0161to na \u010demu \u0107e Europska komisija raditi u narednom razdoblju kako bi i ovi ugovori pru\u017eili pravnu i financijsku sigurnost svima. Na konferenciji [&hellip;]<\/p>\n","protected":false},"author":6,"featured_media":4586,"comment_status":"closed","ping_status":"closed","sticky":false,"template":"","format":"standard","meta":{"_acf_changed":false,"footnotes":""},"categories":[313],"tags":[288,271,282],"admin_cats":[],"class_list":["post-4585","post","type-post","status-publish","format-standard","has-post-thumbnail","hentry","category-dogadanja","tag-energetika","tag-laurenz-w-vuchetich","tag-regulatorno-pravo"],"acf":[],"_links":{"self":[{"href":"https:\/\/www.bdvlegal.com\/hr\/wp-json\/wp\/v2\/posts\/4585","targetHints":{"allow":["GET"]}}],"collection":[{"href":"https:\/\/www.bdvlegal.com\/hr\/wp-json\/wp\/v2\/posts"}],"about":[{"href":"https:\/\/www.bdvlegal.com\/hr\/wp-json\/wp\/v2\/types\/post"}],"author":[{"embeddable":true,"href":"https:\/\/www.bdvlegal.com\/hr\/wp-json\/wp\/v2\/users\/6"}],"replies":[{"embeddable":true,"href":"https:\/\/www.bdvlegal.com\/hr\/wp-json\/wp\/v2\/comments?post=4585"}],"version-history":[{"count":0,"href":"https:\/\/www.bdvlegal.com\/hr\/wp-json\/wp\/v2\/posts\/4585\/revisions"}],"wp:featuredmedia":[{"embeddable":true,"href":"https:\/\/www.bdvlegal.com\/hr\/wp-json\/wp\/v2\/media\/4586"}],"wp:attachment":[{"href":"https:\/\/www.bdvlegal.com\/hr\/wp-json\/wp\/v2\/media?parent=4585"}],"wp:term":[{"taxonomy":"category","embeddable":true,"href":"https:\/\/www.bdvlegal.com\/hr\/wp-json\/wp\/v2\/categories?post=4585"},{"taxonomy":"post_tag","embeddable":true,"href":"https:\/\/www.bdvlegal.com\/hr\/wp-json\/wp\/v2\/tags?post=4585"},{"taxonomy":"admin_cat","embeddable":true,"href":"https:\/\/www.bdvlegal.com\/hr\/wp-json\/wp\/v2\/admin_cats?post=4585"}],"curies":[{"name":"wp","href":"https:\/\/api.w.org\/{rel}","templated":true}]}}