{"id":4850,"date":"2024-06-21T08:08:14","date_gmt":"2024-06-21T06:08:14","guid":{"rendered":"https:\/\/bdvlegal.com\/?p=4850"},"modified":"2025-07-23T19:33:15","modified_gmt":"2025-07-23T17:33:15","slug":"ifa-europska-regionalna-konferencija-2024","status":"publish","type":"post","link":"https:\/\/www.bdvlegal.com\/hr\/ifa-europska-regionalna-konferencija-2024\/","title":{"rendered":"IFA Europska regionalna Konferencija 2024"},"content":{"rendered":"\n<p>BDV partner, Vladimir Batarelo, sudjelovao je na IFA (International Fiscal Association) europskoj regionalnoj konferenciji u slikovitoj Lausanni, \u0160vicarska. Konferencija je pru\u017eila vrijednu priliku za istra\u017eivanje porezne transparentnosti u kontekstu me\u0111unarodnog, europskog i komparativnog poreznog prava.<\/p>\n\n\n\n<p>IFA je jedina nevladina me\u0111unarodna organizacija koja se bavi fiskalnim pitanjima. IFA pru\u017ea neutralnu i neovisnu platformu gdje se predstavnici svih profesija i interesa imaju priliku sastati i raspravljati o me\u0111unarodnim poreznim pitanjima.<\/p>\n\n\n\n<p>Zahvaljujemo IFA-i na dojmljivo organiziranoj konferenciji koja je poreznim stru\u010dnjacima pru\u017eila izvrsnu priliku za umre\u017eavanje, suradnju i poticanje poslovnih interakcija. Tako\u0111er \u010destitamo svim govornicima i panelistima na njihovim izvanrednim izlaganjima.<\/p>\n","protected":false},"excerpt":{"rendered":"<p>BDV partner, Vladimir Batarelo, sudjelovao je na IFA (International Fiscal Association) europskoj regionalnoj konferenciji u slikovitoj Lausanni, \u0160vicarska. Konferencija je pru\u017eila vrijednu priliku za istra\u017eivanje porezne transparentnosti u kontekstu me\u0111unarodnog, europskog i komparativnog poreznog prava. IFA je jedina nevladina me\u0111unarodna organizacija koja se bavi fiskalnim pitanjima. IFA pru\u017ea neutralnu i neovisnu platformu gdje se predstavnici svih profesija i interesa imaju priliku sastati i raspravljati o me\u0111unarodnim poreznim pitanjima. Zahvaljujemo IFA-i na dojmljivo organiziranoj konferenciji koja je poreznim stru\u010dnjacima pru\u017eila izvrsnu priliku za umre\u017eavanje, suradnju i poticanje poslovnih interakcija. Tako\u0111er \u010destitamo svim govornicima i panelistima na njihovim izvanrednim izlaganjima.<\/p>\n","protected":false},"author":6,"featured_media":4852,"comment_status":"closed","ping_status":"closed","sticky":false,"template":"","format":"standard","meta":{"_acf_changed":false,"footnotes":""},"categories":[313],"tags":[283,270],"admin_cats":[],"class_list":["post-4850","post","type-post","status-publish","format-standard","has-post-thumbnail","hentry","category-dogadanja","tag-porezno-pravo","tag-vladimir-a-batarelo"],"acf":[],"_links":{"self":[{"href":"https:\/\/www.bdvlegal.com\/hr\/wp-json\/wp\/v2\/posts\/4850","targetHints":{"allow":["GET"]}}],"collection":[{"href":"https:\/\/www.bdvlegal.com\/hr\/wp-json\/wp\/v2\/posts"}],"about":[{"href":"https:\/\/www.bdvlegal.com\/hr\/wp-json\/wp\/v2\/types\/post"}],"author":[{"embeddable":true,"href":"https:\/\/www.bdvlegal.com\/hr\/wp-json\/wp\/v2\/users\/6"}],"replies":[{"embeddable":true,"href":"https:\/\/www.bdvlegal.com\/hr\/wp-json\/wp\/v2\/comments?post=4850"}],"version-history":[{"count":0,"href":"https:\/\/www.bdvlegal.com\/hr\/wp-json\/wp\/v2\/posts\/4850\/revisions"}],"wp:featuredmedia":[{"embeddable":true,"href":"https:\/\/www.bdvlegal.com\/hr\/wp-json\/wp\/v2\/media\/4852"}],"wp:attachment":[{"href":"https:\/\/www.bdvlegal.com\/hr\/wp-json\/wp\/v2\/media?parent=4850"}],"wp:term":[{"taxonomy":"category","embeddable":true,"href":"https:\/\/www.bdvlegal.com\/hr\/wp-json\/wp\/v2\/categories?post=4850"},{"taxonomy":"post_tag","embeddable":true,"href":"https:\/\/www.bdvlegal.com\/hr\/wp-json\/wp\/v2\/tags?post=4850"},{"taxonomy":"admin_cat","embeddable":true,"href":"https:\/\/www.bdvlegal.com\/hr\/wp-json\/wp\/v2\/admin_cats?post=4850"}],"curies":[{"name":"wp","href":"https:\/\/api.w.org\/{rel}","templated":true}]}}