{"id":9619,"date":"2025-04-10T15:23:00","date_gmt":"2025-04-10T13:23:00","guid":{"rendered":"https:\/\/bdvlegal.com\/ifa-european-region-conference-2025\/"},"modified":"2025-07-23T16:52:03","modified_gmt":"2025-07-23T14:52:03","slug":"ifa-europska-regionalna-konferencija-2025","status":"publish","type":"post","link":"https:\/\/www.bdvlegal.com\/hr\/ifa-europska-regionalna-konferencija-2025\/","title":{"rendered":"IFA Europska regionalna Konferencija 2025"},"content":{"rendered":"\n<p>IFA Europska regionalna Konferencija 2025 odr\u017eana je ove godine u prekrasnom gradu Budimpe\u0161ti, Ma\u0111arska. Partner BDV-a, Vladimir A. Batarelo, pridru\u017eio se vode\u0107im poreznim stru\u010dnjacima i profesionalcima kako bi raspravili aktualnu temu \u201cPorezna konkurencija u Europi 2025.\u201d <\/p>\n\n<p>Konferencija je okupila istaknute govornike koji su ponudili uvid u razvoj europskih poreznih politika.<br\/>Jo\u0161 jedna izvrsna IFA konferencija iza nas ispunjena zanimljivim raspravama i uvidima, ostavljaju\u0107i nas s velikim o\u010dekivanjima za IFA 2025 Kongres u Lisabonu. <\/p>\n\n<figure class=\"wp-block-gallery has-nested-images columns-default is-cropped wp-block-gallery-1 is-layout-flex wp-block-gallery-is-layout-flex\">\n<figure class=\"wp-block-image size-large\"><img loading=\"lazy\" decoding=\"async\" width=\"1600\" height=\"1200\" data-id=\"9545\" src=\"https:\/\/www.bdvlegal.com\/wp-content\/uploads\/2025\/06\/ifa-2025_2-1.jpg\" alt=\"\" class=\"wp-image-9545\" srcset=\"https:\/\/www.bdvlegal.com\/wp-content\/uploads\/2025\/06\/ifa-2025_2-1.jpg 1600w, https:\/\/www.bdvlegal.com\/wp-content\/uploads\/2025\/06\/ifa-2025_2-1-150x113.jpg 150w, https:\/\/www.bdvlegal.com\/wp-content\/uploads\/2025\/06\/ifa-2025_2-1-768x576.jpg 768w, https:\/\/www.bdvlegal.com\/wp-content\/uploads\/2025\/06\/ifa-2025_2-1-1536x1152.jpg 1536w\" sizes=\"(max-width: 1600px) 100vw, 1600px\" \/><\/figure>\n\n\n\n<figure class=\"wp-block-image size-large\"><img loading=\"lazy\" decoding=\"async\" width=\"1600\" height=\"1200\" data-id=\"9546\" src=\"https:\/\/www.bdvlegal.com\/wp-content\/uploads\/2025\/06\/ifa-2025_3-1.jpg\" alt=\"\" class=\"wp-image-9546\" srcset=\"https:\/\/www.bdvlegal.com\/wp-content\/uploads\/2025\/06\/ifa-2025_3-1.jpg 1600w, https:\/\/www.bdvlegal.com\/wp-content\/uploads\/2025\/06\/ifa-2025_3-1-150x113.jpg 150w, https:\/\/www.bdvlegal.com\/wp-content\/uploads\/2025\/06\/ifa-2025_3-1-768x576.jpg 768w, https:\/\/www.bdvlegal.com\/wp-content\/uploads\/2025\/06\/ifa-2025_3-1-1536x1152.jpg 1536w\" sizes=\"(max-width: 1600px) 100vw, 1600px\" \/><\/figure>\n<\/figure>\n","protected":false},"excerpt":{"rendered":"<p>IFA Europska regionalna Konferencija 2025 odr\u017eana je ove godine u prekrasnom gradu Budimpe\u0161ti, Ma\u0111arska. Partner BDV-a, Vladimir A. Batarelo, pridru\u017eio se vode\u0107im poreznim stru\u010dnjacima i profesionalcima kako bi raspravili aktualnu temu \u201cPorezna konkurencija u Europi 2025.\u201d Konferencija je okupila istaknute govornike koji su ponudili uvid u razvoj europskih poreznih politika.Jo\u0161 jedna izvrsna IFA konferencija iza nas ispunjena zanimljivim raspravama i uvidima, ostavljaju\u0107i nas s velikim o\u010dekivanjima za IFA 2025 Kongres u Lisabonu.<\/p>\n","protected":false},"author":6,"featured_media":9552,"comment_status":"closed","ping_status":"closed","sticky":false,"template":"","format":"standard","meta":{"_acf_changed":false,"footnotes":""},"categories":[267],"tags":[270],"admin_cats":[],"class_list":["post-9619","post","type-post","status-publish","format-standard","has-post-thumbnail","hentry","category-vijesti","tag-vladimir-a-batarelo"],"acf":[],"_links":{"self":[{"href":"https:\/\/www.bdvlegal.com\/hr\/wp-json\/wp\/v2\/posts\/9619","targetHints":{"allow":["GET"]}}],"collection":[{"href":"https:\/\/www.bdvlegal.com\/hr\/wp-json\/wp\/v2\/posts"}],"about":[{"href":"https:\/\/www.bdvlegal.com\/hr\/wp-json\/wp\/v2\/types\/post"}],"author":[{"embeddable":true,"href":"https:\/\/www.bdvlegal.com\/hr\/wp-json\/wp\/v2\/users\/6"}],"replies":[{"embeddable":true,"href":"https:\/\/www.bdvlegal.com\/hr\/wp-json\/wp\/v2\/comments?post=9619"}],"version-history":[{"count":0,"href":"https:\/\/www.bdvlegal.com\/hr\/wp-json\/wp\/v2\/posts\/9619\/revisions"}],"wp:featuredmedia":[{"embeddable":true,"href":"https:\/\/www.bdvlegal.com\/hr\/wp-json\/wp\/v2\/media\/9552"}],"wp:attachment":[{"href":"https:\/\/www.bdvlegal.com\/hr\/wp-json\/wp\/v2\/media?parent=9619"}],"wp:term":[{"taxonomy":"category","embeddable":true,"href":"https:\/\/www.bdvlegal.com\/hr\/wp-json\/wp\/v2\/categories?post=9619"},{"taxonomy":"post_tag","embeddable":true,"href":"https:\/\/www.bdvlegal.com\/hr\/wp-json\/wp\/v2\/tags?post=9619"},{"taxonomy":"admin_cat","embeddable":true,"href":"https:\/\/www.bdvlegal.com\/hr\/wp-json\/wp\/v2\/admin_cats?post=9619"}],"curies":[{"name":"wp","href":"https:\/\/api.w.org\/{rel}","templated":true}]}}